{"id":3640,"date":"2025-01-06T09:32:15","date_gmt":"2025-01-06T09:32:15","guid":{"rendered":"https:\/\/jobboosterbenin.com\/?p=3640"},"modified":"2025-01-06T09:43:00","modified_gmt":"2025-01-06T09:43:00","slug":"%f0%9d%90%89%f0%9d%90%8e%f0%9d%90%94%f0%9d%90%91-%f0%9d%9f%90-%f0%9d%90%82%f0%9d%90%80%f0%9d%90%8c%f0%9d%90%8f-%f0%9d%90%84%f0%9d%90%9c%f0%9d%90%a8%f0%9d%90%a7%f0%9d%90%a8%f0%9d%90%a6","status":"publish","type":"post","link":"https:\/\/jobboosterbenin.com\/en\/actualites\/%f0%9d%90%89%f0%9d%90%8e%f0%9d%90%94%f0%9d%90%91-%f0%9d%9f%90-%f0%9d%90%82%f0%9d%90%80%f0%9d%90%8c%f0%9d%90%8f-%f0%9d%90%84%f0%9d%90%9c%f0%9d%90%a8%f0%9d%90%a7%f0%9d%90%a8%f0%9d%90%a6\/","title":{"rendered":"\ud835\udc09\ud835\udc0e\ud835\udc14\ud835\udc11 \ud835\udfd0 \ud835\udc02\ud835\udc00\ud835\udc0c\ud835\udc0f \ud835\udc04\u0301\ud835\udc1c\ud835\udc28\ud835\udc27\ud835\udc28\ud835\udc26\ud835\udc22\ud835\udc1e \ud835\udc12\ud835\udc28\ud835\udc1c\ud835\udc22\ud835\udc1a\ud835\udc25\ud835\udc1e \ud835\udc1e\ud835\udc2d \ud835\udc12\ud835\udc28\ud835\udc25\ud835\udc22\ud835\udc1d\ud835\udc1a\ud835\udc22\ud835\udc2b\ud835\udc1e (\ud835\udc04\ud835\udc12\ud835\udc12) \ud835\udfd0\ud835\udfce\ud835\udfd0\ud835\udfd2"},"content":{"rendered":"<p>At the invitation of Envol, Job Booster B\u00e9nin, represented by its Director, took part in the official ceremony to launch \ud835\udc02\ud835\udc00\ud835\udc0c\ud835\udc0f \ud835\udc04\ud835\udc12\ud835\udc12 2024, on 12 November 2024.<br \/>\nThe camp brought together SSE players, young people with an interest in the subject, idea-makers and social entrepreneurs, with the involvement of local elected representatives, to create a dynamic and inspiring melting pot that will strengthen understanding of the Social Solidarity Economy (SSE), social entrepreneurship and social innovation, and encourage the commitment of the various stakeholders to entrepreneurial initiatives that have a positive impact on communities.<br \/>\nThis is thanks to the cooperation between Envol and ProPME GIZ Benin and in collaboration with the GSEF (Global Forum for Social and Solidarity Economy) SSE youth cluster, the Association des Communes de l'Atlantique et du Littoral (ACAL) and ESS Benin (the national network of SSE players).<\/p>","protected":false},"excerpt":{"rendered":"<p>Sur invitation de l&rsquo;Envol, Job Booster B\u00e9nin, repr\u00e9sent\u00e9e par son Directeur a particip\u00e9 \u00e0 la c\u00e9r\u00e9monie officielle du lancement du \ud835\udc02\ud835\udc00\ud835\udc0c\ud835\udc0f \ud835\udc04\ud835\udc12\ud835\udc12 2024, ce 12 novembre 2024. Ce camp a r\u00e9uni les acteurs de l\u2019ESS, les jeunes int\u00e9ress\u00e9s par la th\u00e9matique, les porteurs d\u2019id\u00e9es et entrepreneurs sociaux avec l\u2019implication des \u00e9lus locaux pour cr\u00e9er un [&hellip;]<\/p>\n","protected":false},"author":6,"featured_media":3644,"comment_status":"open","ping_status":"open","sticky":false,"template":"","format":"standard","meta":{"_acf_changed":false,"footnotes":""},"categories":[2],"tags":[],"class_list":["post-3640","post","type-post","status-publish","format-standard","has-post-thumbnail","hentry","category-actualites"],"acf":[],"_links":{"self":[{"href":"https:\/\/jobboosterbenin.com\/en\/wp-json\/wp\/v2\/posts\/3640","targetHints":{"allow":["GET"]}}],"collection":[{"href":"https:\/\/jobboosterbenin.com\/en\/wp-json\/wp\/v2\/posts"}],"about":[{"href":"https:\/\/jobboosterbenin.com\/en\/wp-json\/wp\/v2\/types\/post"}],"author":[{"embeddable":true,"href":"https:\/\/jobboosterbenin.com\/en\/wp-json\/wp\/v2\/users\/6"}],"replies":[{"embeddable":true,"href":"https:\/\/jobboosterbenin.com\/en\/wp-json\/wp\/v2\/comments?post=3640"}],"version-history":[{"count":5,"href":"https:\/\/jobboosterbenin.com\/en\/wp-json\/wp\/v2\/posts\/3640\/revisions"}],"predecessor-version":[{"id":3651,"href":"https:\/\/jobboosterbenin.com\/en\/wp-json\/wp\/v2\/posts\/3640\/revisions\/3651"}],"wp:featuredmedia":[{"embeddable":true,"href":"https:\/\/jobboosterbenin.com\/en\/wp-json\/wp\/v2\/media\/3644"}],"wp:attachment":[{"href":"https:\/\/jobboosterbenin.com\/en\/wp-json\/wp\/v2\/media?parent=3640"}],"wp:term":[{"taxonomy":"category","embeddable":true,"href":"https:\/\/jobboosterbenin.com\/en\/wp-json\/wp\/v2\/categories?post=3640"},{"taxonomy":"post_tag","embeddable":true,"href":"https:\/\/jobboosterbenin.com\/en\/wp-json\/wp\/v2\/tags?post=3640"}],"curies":[{"name":"wp","href":"https:\/\/api.w.org\/{rel}","templated":true}]}}