{"id":3560,"date":"2024-09-13T07:11:38","date_gmt":"2024-09-13T07:11:38","guid":{"rendered":"https:\/\/jobboosterbenin.com\/?p=3560"},"modified":"2024-09-13T07:11:38","modified_gmt":"2024-09-13T07:11:38","slug":"job-booster-benin-start-schilder-en-tekencursus-voor-kinderen","status":"publish","type":"post","link":"https:\/\/jobboosterbenin.com\/nl\/formation\/lancement-de-la-formation-pour-enfants-en-arts-plastiques-peinture-et-dessin-a-job-booster-benin\/","title":{"rendered":"Start van de opleiding plastische kunsten voor kinderen: schilderen en tekenen bij Job Booster Benin"},"content":{"rendered":"<div class=\"flex-shrink-0 flex flex-col relative items-end\">\n<div>\n<div class=\"pt-0\">\n<div class=\"gizmo-bot-avatar flex h-8 w-8 items-center justify-center overflow-hidden rounded-full\">\n<div class=\"relative p-1 rounded-sm flex items-center justify-center bg-token-main-surface-primary text-token-text-primary h-8 w-8\">Pr\u00e9parer les artistes de demain commence aujourd&rsquo;hui ! Job Booster B\u00e9nin a lanc\u00e9 le 15 juillet 2024 une formation d\u00e9di\u00e9e aux enfants en arts plastiques, ax\u00e9e sur la peinture et le dessin. Cette initiative vise \u00e0 \u00e9veiller leur passion pour les arts visuels et \u00e0 d\u00e9velopper leurs comp\u00e9tences cr\u00e9atives d\u00e8s leur jeune \u00e2ge.<\/div>\n<\/div>\n<\/div>\n<\/div>\n<\/div>\n<div class=\"group\/conversation-turn relative flex w-full min-w-0 flex-col agent-turn\">\n<div class=\"flex-col gap-1 md:gap-3\">\n<div class=\"flex max-w-full flex-col flex-grow\">\n<div class=\"min-h-[20px] text-message flex w-full flex-col items-end gap-2 whitespace-normal break-words [.text-message+&amp;]:mt-5\" dir=\"auto\" data-message-author-role=\"assistant\" data-message-id=\"895bb19c-27ea-4fcc-8a16-d11796ed3f22\">\n<div class=\"flex w-full flex-col gap-1 empty:hidden first:pt-[3px]\">\n<div class=\"markdown prose w-full break-words dark:prose-invert light\">\n<p>Les architectes, designers et graphistes de demain commencent \u00e0 se former d\u00e8s maintenant ! Notre programme offre une introduction ludique et instructive aux arts plastiques, permettant aux enfants d&rsquo;explorer la peinture et le dessin dans un environnement stimulant.<\/p>\n<\/div>\n<p><img fetchpriority=\"high\" decoding=\"async\" class=\"alignnone size-medium wp-image-3562\" src=\"https:\/\/jobboosterbenin.com\/wp-content\/uploads\/2024\/09\/451632764_122154489248102046_8759328724360038909_n-212x300.jpg\" alt=\"\" width=\"212\" height=\"300\" srcset=\"https:\/\/jobboosterbenin.com\/wp-content\/uploads\/2024\/09\/451632764_122154489248102046_8759328724360038909_n-212x300.jpg 212w, https:\/\/jobboosterbenin.com\/wp-content\/uploads\/2024\/09\/451632764_122154489248102046_8759328724360038909_n-8x12.jpg 8w, https:\/\/jobboosterbenin.com\/wp-content\/uploads\/2024\/09\/451632764_122154489248102046_8759328724360038909_n.jpg 620w\" sizes=\"(max-width: 212px) 100vw, 212px\" \/>\u00a0 \u00a0 \u00a0 \u00a0 \u00a0 \u00a0 \u00a0 \u00a0 \u00a0 \u00a0 \u00a0 \u00a0 \u00a0 \u00a0 \u00a0 \u00a0 \u00a0 \u00a0 \u00a0 \u00a0 \u00a0 \u00a0 \u00a0 \u00a0 \u00a0 \u00a0 \u00a0 <img decoding=\"async\" class=\"alignnone size-medium wp-image-3563\" src=\"https:\/\/jobboosterbenin.com\/wp-content\/uploads\/2024\/09\/Capture-decran-2024-09-13-075934-300x173.png\" alt=\"\" width=\"300\" height=\"173\" srcset=\"https:\/\/jobboosterbenin.com\/wp-content\/uploads\/2024\/09\/Capture-decran-2024-09-13-075934-300x173.png 300w, https:\/\/jobboosterbenin.com\/wp-content\/uploads\/2024\/09\/Capture-decran-2024-09-13-075934-18x10.png 18w, https:\/\/jobboosterbenin.com\/wp-content\/uploads\/2024\/09\/Capture-decran-2024-09-13-075934.png 721w\" sizes=\"(max-width: 300px) 100vw, 300px\" \/><\/p>\n<div class=\"markdown prose w-full break-words dark:prose-invert light\">\n<p><strong>Rejoignez-nous pour cette aventure artistique !<\/strong> Contactez-nous au +229 69 12 20 12 (WhatsApp et Appel) pour plus d&rsquo;informations et pour inscrire vos enfants \u00e0 cette formation enrichissante.<\/p>\n<\/div>\n<\/div>\n<\/div>\n<\/div>\n<\/div>\n<\/div>\n","protected":false},"excerpt":{"rendered":"<p>Pr\u00e9parer les artistes de demain commence aujourd&rsquo;hui ! Job Booster B\u00e9nin a lanc\u00e9 le 15 juillet 2024 une formation d\u00e9di\u00e9e aux enfants en arts plastiques, ax\u00e9e sur la peinture et le dessin. Cette initiative vise \u00e0 \u00e9veiller leur passion pour les arts visuels et \u00e0 d\u00e9velopper leurs comp\u00e9tences cr\u00e9atives d\u00e8s leur jeune \u00e2ge. Les architectes, [&hellip;]<\/p>\n","protected":false},"author":6,"featured_media":3561,"comment_status":"open","ping_status":"open","sticky":false,"template":"","format":"standard","meta":{"_acf_changed":false,"footnotes":""},"categories":[66],"tags":[],"class_list":["post-3560","post","type-post","status-publish","format-standard","has-post-thumbnail","hentry","category-formation"],"acf":[],"_links":{"self":[{"href":"https:\/\/jobboosterbenin.com\/nl\/wp-json\/wp\/v2\/posts\/3560","targetHints":{"allow":["GET"]}}],"collection":[{"href":"https:\/\/jobboosterbenin.com\/nl\/wp-json\/wp\/v2\/posts"}],"about":[{"href":"https:\/\/jobboosterbenin.com\/nl\/wp-json\/wp\/v2\/types\/post"}],"author":[{"embeddable":true,"href":"https:\/\/jobboosterbenin.com\/nl\/wp-json\/wp\/v2\/users\/6"}],"replies":[{"embeddable":true,"href":"https:\/\/jobboosterbenin.com\/nl\/wp-json\/wp\/v2\/comments?post=3560"}],"version-history":[{"count":1,"href":"https:\/\/jobboosterbenin.com\/nl\/wp-json\/wp\/v2\/posts\/3560\/revisions"}],"predecessor-version":[{"id":3564,"href":"https:\/\/jobboosterbenin.com\/nl\/wp-json\/wp\/v2\/posts\/3560\/revisions\/3564"}],"wp:featuredmedia":[{"embeddable":true,"href":"https:\/\/jobboosterbenin.com\/nl\/wp-json\/wp\/v2\/media\/3561"}],"wp:attachment":[{"href":"https:\/\/jobboosterbenin.com\/nl\/wp-json\/wp\/v2\/media?parent=3560"}],"wp:term":[{"taxonomy":"category","embeddable":true,"href":"https:\/\/jobboosterbenin.com\/nl\/wp-json\/wp\/v2\/categories?post=3560"},{"taxonomy":"post_tag","embeddable":true,"href":"https:\/\/jobboosterbenin.com\/nl\/wp-json\/wp\/v2\/tags?post=3560"}],"curies":[{"name":"wp","href":"https:\/\/api.w.org\/{rel}","templated":true}]}}